{"id":2044,"date":"2021-06-11T13:04:29","date_gmt":"2021-06-11T13:04:29","guid":{"rendered":"https:\/\/hortivoire.org\/?p=2044"},"modified":"2021-06-14T13:17:54","modified_gmt":"2021-06-14T13:17:54","slug":"hortivoire-officially-launched","status":"publish","type":"post","link":"https:\/\/hortivoire.org\/fr\/2021\/06\/11\/hortivoire-officially-launched\/","title":{"rendered":"Hortivoire Officiellement Inaugur\u00e9"},"content":{"rendered":"<figure class=\"wp-block-gallery columns-1 is-cropped\"><ul class=\"blocks-gallery-grid\"><li class=\"blocks-gallery-item\"><figure><img loading=\"lazy\" width=\"1000\" height=\"750\" src=\"https:\/\/hortivoire.org\/wp-content\/uploads\/2021\/06\/WhatsApp-Image-2021-06-01-at-10.47.53.jpeg\" alt=\"\" data-id=\"2045\" data-full-url=\"https:\/\/hortivoire.org\/wp-content\/uploads\/2021\/06\/WhatsApp-Image-2021-06-01-at-10.47.53.jpeg\" data-link=\"https:\/\/hortivoire.org\/?attachment_id=2045\" class=\"wp-image-2045\" srcset=\"https:\/\/hortivoire.org\/wp-content\/uploads\/2021\/06\/WhatsApp-Image-2021-06-01-at-10.47.53.jpeg 1000w, https:\/\/hortivoire.org\/wp-content\/uploads\/2021\/06\/WhatsApp-Image-2021-06-01-at-10.47.53-300x225.jpeg 300w, https:\/\/hortivoire.org\/wp-content\/uploads\/2021\/06\/WhatsApp-Image-2021-06-01-at-10.47.53-768x576.jpeg 768w, https:\/\/hortivoire.org\/wp-content\/uploads\/2021\/06\/WhatsApp-Image-2021-06-01-at-10.47.53-16x12.jpeg 16w\" sizes=\"(max-width: 1000px) 100vw, 1000px\" \/><\/figure><\/li><\/ul><\/figure>\n\n\n\n<p>Le 28 mai, le Ministre d'Etat de l'Agriculture et du D\u00e9veloppement Rural de C\u00f4te d'Ivoire, M. Kobenan Kouassi ADJOUMANI, a officiellement inaugur\u00e9 le centre de formation HortIvoire \u00e0 Koubi. Dans les ann\u00e9es \u00e0 venir, plus de 200 jeunes Ivoiriens seront form\u00e9s ici \u00e0 la production mara\u00eech\u00e8re commerciale, tandis que dans le m\u00eame temps la production innovante de hors sol sera d\u00e9montr\u00e9e \u00e0 plus de 3000 agriculteurs. Ainsi, le projet HortIvoire vise \u00e0 contribuer \u00e0 une production mara\u00eech\u00e8re plus durable, \u00e0 l'emploi des jeunes, \u00e0 des l\u00e9gumes de qualit\u00e9 sur les march\u00e9s urbains de C\u00f4te d'Ivoire et \u00e0 une coop\u00e9ration public-priv\u00e9 r\u00e9ussie entre la C\u00f4te d'Ivoire et les Pays-Bas. F\u00e9licitations \u00e0 tous les partenaires : Pays-Bas et gouvernement ivoirien, INFPA, AGRIFER, RijkZwaan, Van Iperen et Resilience!<\/p>\n\n\n\n<figure class=\"wp-block-gallery columns-3 is-cropped\"><ul class=\"blocks-gallery-grid\"><li class=\"blocks-gallery-item\"><figure><img loading=\"lazy\" width=\"720\" height=\"481\" src=\"https:\/\/hortivoire.org\/wp-content\/uploads\/2021\/06\/Lancement-Projet-Hortivoire-Tiebissou-0017.jpg\" alt=\"\" data-id=\"2047\" data-full-url=\"https:\/\/hortivoire.org\/wp-content\/uploads\/2021\/06\/Lancement-Projet-Hortivoire-Tiebissou-0017.jpg\" data-link=\"https:\/\/hortivoire.org\/?attachment_id=2047\" class=\"wp-image-2047\" srcset=\"https:\/\/hortivoire.org\/wp-content\/uploads\/2021\/06\/Lancement-Projet-Hortivoire-Tiebissou-0017.jpg 720w, https:\/\/hortivoire.org\/wp-content\/uploads\/2021\/06\/Lancement-Projet-Hortivoire-Tiebissou-0017-300x200.jpg 300w, https:\/\/hortivoire.org\/wp-content\/uploads\/2021\/06\/Lancement-Projet-Hortivoire-Tiebissou-0017-16x12.jpg 16w\" sizes=\"(max-width: 720px) 100vw, 720px\" \/><\/figure><\/li><li class=\"blocks-gallery-item\"><figure><img loading=\"lazy\" width=\"720\" height=\"481\" src=\"https:\/\/hortivoire.org\/wp-content\/uploads\/2021\/06\/Lancement-Projet-Hortivoire-Tiebissou-0011.jpg\" alt=\"\" data-id=\"2048\" data-full-url=\"https:\/\/hortivoire.org\/wp-content\/uploads\/2021\/06\/Lancement-Projet-Hortivoire-Tiebissou-0011.jpg\" data-link=\"https:\/\/hortivoire.org\/?attachment_id=2048\" class=\"wp-image-2048\" srcset=\"https:\/\/hortivoire.org\/wp-content\/uploads\/2021\/06\/Lancement-Projet-Hortivoire-Tiebissou-0011.jpg 720w, https:\/\/hortivoire.org\/wp-content\/uploads\/2021\/06\/Lancement-Projet-Hortivoire-Tiebissou-0011-300x200.jpg 300w, https:\/\/hortivoire.org\/wp-content\/uploads\/2021\/06\/Lancement-Projet-Hortivoire-Tiebissou-0011-16x12.jpg 16w\" sizes=\"(max-width: 720px) 100vw, 720px\" \/><\/figure><\/li><li class=\"blocks-gallery-item\"><figure><img loading=\"lazy\" width=\"720\" height=\"481\" src=\"https:\/\/hortivoire.org\/wp-content\/uploads\/2021\/06\/Lancement-Projet-Hortivoire-Tiebissou-0001.jpg\" alt=\"\" data-id=\"2049\" data-full-url=\"https:\/\/hortivoire.org\/wp-content\/uploads\/2021\/06\/Lancement-Projet-Hortivoire-Tiebissou-0001.jpg\" data-link=\"https:\/\/hortivoire.org\/?attachment_id=2049\" class=\"wp-image-2049\" srcset=\"https:\/\/hortivoire.org\/wp-content\/uploads\/2021\/06\/Lancement-Projet-Hortivoire-Tiebissou-0001.jpg 720w, https:\/\/hortivoire.org\/wp-content\/uploads\/2021\/06\/Lancement-Projet-Hortivoire-Tiebissou-0001-300x200.jpg 300w, https:\/\/hortivoire.org\/wp-content\/uploads\/2021\/06\/Lancement-Projet-Hortivoire-Tiebissou-0001-16x12.jpg 16w\" sizes=\"(max-width: 720px) 100vw, 720px\" \/><\/figure><\/li><li class=\"blocks-gallery-item\"><figure><img loading=\"lazy\" width=\"720\" height=\"481\" src=\"https:\/\/hortivoire.org\/wp-content\/uploads\/2021\/06\/Lancement-Projet-Hortivoire-Tiebissou-0018.jpg\" alt=\"\" data-id=\"2050\" data-full-url=\"https:\/\/hortivoire.org\/wp-content\/uploads\/2021\/06\/Lancement-Projet-Hortivoire-Tiebissou-0018.jpg\" data-link=\"https:\/\/hortivoire.org\/?attachment_id=2050\" class=\"wp-image-2050\" srcset=\"https:\/\/hortivoire.org\/wp-content\/uploads\/2021\/06\/Lancement-Projet-Hortivoire-Tiebissou-0018.jpg 720w, https:\/\/hortivoire.org\/wp-content\/uploads\/2021\/06\/Lancement-Projet-Hortivoire-Tiebissou-0018-300x200.jpg 300w, https:\/\/hortivoire.org\/wp-content\/uploads\/2021\/06\/Lancement-Projet-Hortivoire-Tiebissou-0018-16x12.jpg 16w\" sizes=\"(max-width: 720px) 100vw, 720px\" \/><\/figure><\/li><\/ul><\/figure>\n\n\n\n<p>Pictures \u00a9 Abidjan.net<\/p>","protected":false},"excerpt":{"rendered":"<p>On May 28th, The State Minister of Agriculture and Rural Development of C\u00f4te d\u2019Ivoire, Mr. Kobenan Kouassi ADJOUMANI, officially launched the HortIvoire training center in Koubi. In the coming years, &hellip;<\/p>\n<p class=\"read-more\"> <a class=\"\" href=\"https:\/\/hortivoire.org\/fr\/2021\/06\/11\/hortivoire-officially-launched\/\"> <span class=\"screen-reader-text\">Hortivoire Officiellement Inaugur\u00e9<\/span> Lire la suite\u00a0\u00bb<\/a><\/p>","protected":false},"author":1,"featured_media":2045,"comment_status":"closed","ping_status":"closed","sticky":false,"template":"","format":"standard","meta":[],"categories":[1],"tags":[],"_links":{"self":[{"href":"https:\/\/hortivoire.org\/fr\/wp-json\/wp\/v2\/posts\/2044"}],"collection":[{"href":"https:\/\/hortivoire.org\/fr\/wp-json\/wp\/v2\/posts"}],"about":[{"href":"https:\/\/hortivoire.org\/fr\/wp-json\/wp\/v2\/types\/post"}],"author":[{"embeddable":true,"href":"https:\/\/hortivoire.org\/fr\/wp-json\/wp\/v2\/users\/1"}],"replies":[{"embeddable":true,"href":"https:\/\/hortivoire.org\/fr\/wp-json\/wp\/v2\/comments?post=2044"}],"version-history":[{"count":2,"href":"https:\/\/hortivoire.org\/fr\/wp-json\/wp\/v2\/posts\/2044\/revisions"}],"predecessor-version":[{"id":2051,"href":"https:\/\/hortivoire.org\/fr\/wp-json\/wp\/v2\/posts\/2044\/revisions\/2051"}],"wp:featuredmedia":[{"embeddable":true,"href":"https:\/\/hortivoire.org\/fr\/wp-json\/wp\/v2\/media\/2045"}],"wp:attachment":[{"href":"https:\/\/hortivoire.org\/fr\/wp-json\/wp\/v2\/media?parent=2044"}],"wp:term":[{"taxonomy":"category","embeddable":true,"href":"https:\/\/hortivoire.org\/fr\/wp-json\/wp\/v2\/categories?post=2044"},{"taxonomy":"post_tag","embeddable":true,"href":"https:\/\/hortivoire.org\/fr\/wp-json\/wp\/v2\/tags?post=2044"}],"curies":[{"name":"wp","href":"https:\/\/api.w.org\/{rel}","templated":true}]}}